{"id":8743,"date":"2026-03-16T16:57:14","date_gmt":"2026-03-16T16:57:14","guid":{"rendered":"https:\/\/fundacjastrefakobiet.pl\/?p=8743"},"modified":"2026-03-16T17:10:27","modified_gmt":"2026-03-16T17:10:27","slug":"30-aniaversary-trzy-dekady-ani-wyszkoni","status":"publish","type":"post","link":"https:\/\/fundacjastrefakobiet.pl\/?p=8743","title":{"rendered":"30 ANIAversary &#8211; trzy dekady Ani Wyszkoni"},"content":{"rendered":"\t\t<div data-elementor-type=\"wp-post\" data-elementor-id=\"8743\" class=\"elementor elementor-8743\">\n\t\t\t\t<div class=\"elementor-element elementor-element-5af876ce e-flex e-con-boxed e-con e-parent\" data-id=\"5af876ce\" data-element_type=\"container\">\n\t\t\t\t\t<div class=\"e-con-inner\">\n\t\t\t\t<div class=\"elementor-element elementor-element-5425e7ab elementor-widget elementor-widget-text-editor\" data-id=\"5425e7ab\" data-element_type=\"widget\" data-widget_type=\"text-editor.default\">\n\t\t\t\t<div class=\"elementor-widget-container\">\n\t\t\t\t\t\t\t\t\t\n<p>Fundacja Strefa Kobiet zaprasza na wyj\u0105tkowy koncert \u201e30 ANIAversary &#8211; trzy dekady Ani Wyszkoni\u201d, kt\u00f3ry odb\u0119dzie si\u0119 27 marca o godz. 19:00 w <a href=\"https:\/\/www.facebook.com\/CavatinaHall?__cft__[0]=AZZBBBJOYgjbtAoaD1X4T1I-kwKfuyuXjZGrg8ROxhT2RHd_85q6q6oAnpLVRW2cFymF2iAIjKJqRMJlE7QMApLVjuDLB5fvaTy-lR2Bk1VH79yqpobl9LIp-zQAMtQtr-dZa79TPKbGhZurostKVVrcDSKN3iCPlrEY6-drkHQczAA4zBI1VGMxEFRFs95R8hv2ZAAWdoUZOsRmY4o2-AGs&amp;__tn__=-]K-R\">Cavatina Hall<\/a> w Bielsku-Bia\u0142ej.<\/p>\n\n\n\n<p>To w\u0142a\u015bnie podczas tego wieczoru uroczy\u015bcie zainaugurujemy XV rok Regionalnego Kongresu Kobiet Podbeskidzia, odbywaj\u0105cego si\u0119 pod honorowym patronatem europos\u0142anki <a href=\"https:\/\/www.facebook.com\/NykielMiroslawaPO?__cft__[0]=AZZBBBJOYgjbtAoaD1X4T1I-kwKfuyuXjZGrg8ROxhT2RHd_85q6q6oAnpLVRW2cFymF2iAIjKJqRMJlE7QMApLVjuDLB5fvaTy-lR2Bk1VH79yqpobl9LIp-zQAMtQtr-dZa79TPKbGhZurostKVVrcDSKN3iCPlrEY6-drkHQczAA4zBI1VGMxEFRFs95R8hv2ZAAWdoUZOsRmY4o2-AGs&amp;__tn__=-]K-R\">Miros\u0142awa Nykiel &#8211; Pos\u0142anka do Parlamentu Europejskiego<\/a>, oraz przedstawimy nasze plany i dzia\u0142ania na rok 2026.<\/p>\n\n\n\n<p>27 marca b\u0119dzie dla nas dniem szczeg\u00f3lnym &#8211; spotkamy si\u0119 w przestrzeni odwagi, blisko\u015bci i wzajemnego wsparcia, aby wsp\u00f3lnie celebrowa\u0107 si\u0142\u0119 kobiet i budowa\u0107 jeszcze silniejsz\u0105 wsp\u00f3lnot\u0119.<\/p>\n\n\n\n<p>\u201eJestem, bo jeste\u015b\u201d to nie tylko has\u0142o, ale serce naszej misji.<\/p>\n\n\n\n<p>Tak jak Ania zabiera fan\u00f3w w podr\u00f3\u017c przez 30 lat swojej tw\u00f3rczo\u015bci, tak my tworzymy wsp\u00f3lnot\u0119 kobiet, kt\u00f3re podnosz\u0105 si\u0119 nawzajem i buduj\u0105 \u015bwiat pe\u0142en czu\u0142o\u015bci i si\u0142y.<\/p>\n\n\n\n<p> Razem jeste\u015bmy.<\/p>\n\n\n\n<p>Razem tworzymy.<\/p>\n\n\n\n<p>Razem zmieniamy.<\/p>\n\n\n\n<figure class=\"wp-block-video\"><video height=\"1920\" style=\"aspect-ratio: 1080 \/ 1920;\" width=\"1080\" controls src=\"https:\/\/fundacjastrefakobiet.pl\/wp-content\/uploads\/2026\/03\/30ANIA-pion1_zamnknietymi_v2-4-1.mp4\"><\/video><\/figure>\n\t\t\t\t\t\t\t\t<\/div>\n\t\t\t\t<\/div>\n\t\t\t\t\t<\/div>\n\t\t\t\t<\/div>\n\t\t\t\t<\/div>\n\t\t","protected":false},"excerpt":{"rendered":"<p>Fundacja Strefa Kobiet zaprasza na wyj\u0105tkowy koncert \u201e30 ANIAversary &#8211; trzy dekady Ani Wyszkoni\u201d, kt\u00f3ry odb\u0119dzie si\u0119 27 marca o godz. 19:00 w Cavatina Hall w Bielsku-Bia\u0142ej. To w\u0142a\u015bnie podczas tego wieczoru uroczy\u015bcie zainaugurujemy XV rok Regionalnego Kongresu Kobiet Podbeskidzia, odbywaj\u0105cego si\u0119 pod honorowym patronatem europos\u0142anki Miros\u0142awa Nykiel &#8211; Pos\u0142anka do Parlamentu Europejskiego, oraz przedstawimy [&hellip;]<\/p>\n","protected":false},"author":2,"featured_media":8749,"comment_status":"open","ping_status":"open","sticky":false,"template":"","format":"standard","meta":{"footnotes":""},"categories":[1],"tags":[],"class_list":["post-8743","post","type-post","status-publish","format-standard","has-post-thumbnail","hentry","category-uncategorized"],"_links":{"self":[{"href":"https:\/\/fundacjastrefakobiet.pl\/index.php?rest_route=\/wp\/v2\/posts\/8743","targetHints":{"allow":["GET"]}}],"collection":[{"href":"https:\/\/fundacjastrefakobiet.pl\/index.php?rest_route=\/wp\/v2\/posts"}],"about":[{"href":"https:\/\/fundacjastrefakobiet.pl\/index.php?rest_route=\/wp\/v2\/types\/post"}],"author":[{"embeddable":true,"href":"https:\/\/fundacjastrefakobiet.pl\/index.php?rest_route=\/wp\/v2\/users\/2"}],"replies":[{"embeddable":true,"href":"https:\/\/fundacjastrefakobiet.pl\/index.php?rest_route=%2Fwp%2Fv2%2Fcomments&post=8743"}],"version-history":[{"count":9,"href":"https:\/\/fundacjastrefakobiet.pl\/index.php?rest_route=\/wp\/v2\/posts\/8743\/revisions"}],"predecessor-version":[{"id":8755,"href":"https:\/\/fundacjastrefakobiet.pl\/index.php?rest_route=\/wp\/v2\/posts\/8743\/revisions\/8755"}],"wp:featuredmedia":[{"embeddable":true,"href":"https:\/\/fundacjastrefakobiet.pl\/index.php?rest_route=\/wp\/v2\/media\/8749"}],"wp:attachment":[{"href":"https:\/\/fundacjastrefakobiet.pl\/index.php?rest_route=%2Fwp%2Fv2%2Fmedia&parent=8743"}],"wp:term":[{"taxonomy":"category","embeddable":true,"href":"https:\/\/fundacjastrefakobiet.pl\/index.php?rest_route=%2Fwp%2Fv2%2Fcategories&post=8743"},{"taxonomy":"post_tag","embeddable":true,"href":"https:\/\/fundacjastrefakobiet.pl\/index.php?rest_route=%2Fwp%2Fv2%2Ftags&post=8743"}],"curies":[{"name":"wp","href":"https:\/\/api.w.org\/{rel}","templated":true}]}}